[{"@context":"https:\/\/schema.org\/","@type":"Article","@id":"https:\/\/www.bimmer.sk\/ako-nosit-cervenu\/#Article","mainEntityOfPage":"https:\/\/www.bimmer.sk\/ako-nosit-cervenu\/","headline":"Ako nosi\u0165 \u010derven\u00fa?","name":"Ako nosi\u0165 \u010derven\u00fa?","description":"T\u00e1to farba skuto\u010dne asi nikdy nevyjde z\u00a0m\u00f3dy. V\u00fdborne vyu\u017eite\u013en\u00e1 je pri kozmetike. Nik v\u00e1s neprehliadne v\u00a0\u010derven\u00fdch \u0161at\u00e1ch, ale aj \u010derven\u00e9 doplnky maj\u00fa svoje \u010daro. Pre menej odv\u00e1\u017eliv\u00e9 Na \u010derven\u00fa nemus\u00ed by\u0165 zvyknut\u00e1 ka\u017ed\u00e1 d\u00e1ma. T\u00fdm hanblivej\u0161\u00edm m\u00f4\u017ee pripada\u0165 vulg\u00e1rna, kv\u00f4li \u010domu absentuje v\u00a0ich \u0161atn\u00edku. Nemus\u00ed to v\u0161ak by\u0165 takto. Aj pokia\u013e ste tip, ktor\u00fd miluje [&hellip;]","datePublished":"2019-01-15","dateModified":"2019-01-15","author":{"@type":"Person","@id":"https:\/\/www.bimmer.sk\/author\/#Person","name":"","url":"https:\/\/www.bimmer.sk\/author\/","identifier":1,"image":{"@type":"ImageObject","@id":"https:\/\/secure.gravatar.com\/avatar\/e5312f21b37eec0871f00feffaf403580ddf46c2d055479cc6723fb0100721f2?s=96&d=mm&r=g","url":"https:\/\/secure.gravatar.com\/avatar\/e5312f21b37eec0871f00feffaf403580ddf46c2d055479cc6723fb0100721f2?s=96&d=mm&r=g","height":96,"width":96}},"publisher":{"@type":"Organization","name":"bimmer.sk","logo":{"@type":"ImageObject","@id":"\/logo.png","url":"\/logo.png","width":600,"height":60}},"image":{"@type":"ImageObject","@id":"https:\/\/www.bimmer.sk\/wp-content\/uploads\/img_a297913_w16722_t1552674768.jpg","url":"https:\/\/www.bimmer.sk\/wp-content\/uploads\/img_a297913_w16722_t1552674768.jpg","height":0,"width":0},"url":"https:\/\/www.bimmer.sk\/ako-nosit-cervenu\/","wordCount":406,"articleBody":"T\u00e1to farba skuto\u010dne asi nikdy nevyjde z\u00a0m\u00f3dy. V\u00fdborne vyu\u017eite\u013en\u00e1 je pri kozmetike. Nik v\u00e1s neprehliadne v\u00a0\u010derven\u00fdch \u0161at\u00e1ch, ale aj \u010derven\u00e9 doplnky maj\u00fa svoje \u010daro.Pre menej odv\u00e1\u017eliv\u00e9Na \u010derven\u00fa nemus\u00ed by\u0165 zvyknut\u00e1 ka\u017ed\u00e1 d\u00e1ma. T\u00fdm hanblivej\u0161\u00edm m\u00f4\u017ee pripada\u0165 vulg\u00e1rna, kv\u00f4li \u010domu absentuje v\u00a0ich \u0161atn\u00edku. Nemus\u00ed to v\u0161ak by\u0165 takto. Aj pokia\u013e ste tip, ktor\u00fd miluje minimalizmus, m\u00f4\u017eete si zamilova\u0165 \u010derven\u00fa farbu. V\u00fdborn\u00e9 je za\u010da\u0165 s\u00a0\u010derven\u00fdm lakom na nechtoch. Je to s\u00edce len detail, ale uvid\u00edte, \u017ee m\u00f4\u017ee pekne kontrastova\u0165 so zemitej\u0161\u00edmi farbami. Ke\u010f si zvyknete na lak, m\u00f4\u017eete si zaobstara\u0165 i\u00a0\u010derven\u00fd r\u00fa\u017e. N\u00e1dherne zv\u00fdrazn\u00ed va\u0161e pery a\u00a0budete p\u00f4sobi\u0165 zmyselne. V\u00fdhodou je, \u017ee nebudete potrebova\u0165 \u010fal\u0161ie l\u00ed\u010didl\u00e1. Bohato v\u00e1m bude sta\u010di\u0165 p\u00fader a\u00a0maskara.Ke\u010f si postupne navyknete na \u010derven\u00fa farbu, m\u00f4\u017eete si postupne dok\u00fapi\u0165 doplnky tejto farby. \u00da\u017easne vyzeraj\u00fa \u010derven\u00e9 lodi\u010dky alebo kabelka. M\u00f4\u017eete postupova\u0165 tak, \u017ee si najsk\u00f4r budete vybera\u0165 menej v\u00fdrazn\u00e9 odtiene. Nesk\u00f4r si ur\u010dite navyknete aj na v\u00fdraznej\u0161ie farby.Pre odv\u00e1\u017enej\u0161ie d\u00e1myPam\u00e4tajte, \u017ee v\u00e1m pokojne sta\u010d\u00ed jeden \u010derven\u00fd doplnok. \u010cerven\u00e9 koktailov\u00e9 \u0161aty dopl\u0148te napr\u00edklad menej v\u00fdrazn\u00fdmi b\u00e9\u017eov\u00fdmi lodi\u010dkami a\u00a0menej v\u00fdraznou kabelkou. Pokia\u013e m\u00e1te skuto\u010dne zmyseln\u00e9 \u010derven\u00e9 \u0161aty, ktor\u00e9 s\u00fa \u010dastokr\u00e1t z\u00a0lesklej\u0161ieho materi\u00e1lu, stavte na matnej\u0161ie doplnky. Nezab\u00fadajte, \u017ee \u010derven\u00fa farbu treba vedie\u0165 nosi\u0165, tak\u017ee ju dopl\u0148te aj \u0161tipkou sebavedomia. Nu\u017e a\u00a0pokia\u013e \u010derven\u00fa skuto\u010dne milujete, zapam\u00e4tajte si, \u017ee aj na hlave vyzer\u00e1 v\u00fdborne. \u010cerven\u00e1 baretka alebo rovno v\u00fdrazn\u00e1 \u010derven\u00e1 hriva a\u00a0hne\u010f sr\u0161\u00edte sexappealom. V\u00a0zime m\u00f4\u017eete \u017eiari\u0165 v\u00a0\u010dervenom kab\u00e1te.Ako ju kombinova\u0165? \u010cerven\u00e1 sa v\u00fdborne kombinuje s\u00a0\u010diernou alebo zemitej\u0161\u00edmi odtie\u0148mi. Pri fialovej, zelenej alebo \u017eltej zrejme celkov\u00fd outfit bude pr\u00edli\u0161 prepl\u00e1can\u00fd, ale z\u00e1le\u017e\u00ed to samozrejme od odtie\u0148ov. Ide\u00e1lna je v\u0161ak trojica \u010derven\u00e1, modr\u00e1 a\u00a0biela. Tieto farby spolu kr\u00e1sne ladia. N\u00e1\u0161 tip: Jednoduch\u00e1 biela bl\u00fazka zastr\u010den\u00e1 v\u00a0rifliach a\u00a0doplnen\u00e1 \u010derven\u00fdmi lodi\u010dkami a\u00a0kabelkou. Ak outfit dopln\u00edte aj \u010derven\u00fdm r\u00fa\u017eom, budete \u0161t\u00fdlov\u00e1 a\u00a0ve\u013emi \u0161ik.                                                                                                                                                                                                                                                                                                                                                                                                "},{"@context":"https:\/\/schema.org\/","@type":"BreadcrumbList","itemListElement":[{"@type":"ListItem","position":1,"name":"Ako nosi\u0165 \u010derven\u00fa?","item":"https:\/\/www.bimmer.sk\/ako-nosit-cervenu\/#breadcrumbitem"}]}]